{"id":1608,"date":"2018-05-06T12:03:52","date_gmt":"2018-05-06T10:03:52","guid":{"rendered":"http:\/\/www.lubelskiekancelarie.pl\/prawo-w-praktyce\/?p=1608"},"modified":"2018-05-06T18:54:22","modified_gmt":"2018-05-06T16:54:22","slug":"filozofia-kar-umownych","status":"publish","type":"post","link":"http:\/\/www.lubelskiekancelarie.pl\/prawo-w-praktyce\/prawnik-lublin\/filozofia-kar-umownych\/","title":{"rendered":"Filozofia kar umownych"},"content":{"rendered":"<p>Zastrzeganie kar umownych jest bardzo rozpowszechnione w obrocie gospodarczym. Wi\u0119kszo\u015b\u0107 um\u00f3w zawiera tego typu regulacje. Nie zawsze jednak kary s\u0105 stosowane w spos\u00f3b racjonalny. S\u0105 naturalnie kontrakty podwy\u017cszonego ryzyka dla zamawiaj\u0105cego, ale w typowych i powtarzalnych umowach przewidywanie sankcji za ka\u017cde najdrobniejsze uchybienie mo\u017ce odbi\u0107 si\u0119 czkawk\u0105 obu stronom. Taka \"przezorno\u015b\u0107\" sprawia te\u017c, \u017ce strony umowy od samego pocz\u0105tku dzia\u0142aj\u0105 bardzo ostro\u017cnie i pozostaj\u0105 w nieustaj\u0105cym szachu. Wykonawca st\u0105pa po polu minowym z ka\u017cd\u0105 czynno\u015bci\u0105, wi\u0119c - w zakresie wymog\u00f3w wsp\u00f3\u0142pracy i dotrzymywania nale\u017cytej staranno\u015bci -  przerzuca, co tylko mo\u017ce, na zamawiaj\u0105cego. Nie trzeba te\u017c by\u0107 analitykiem biznesu, \u017ceby zrozumie\u0107, \u017ce ryzyko kar wykonawca zawsze wkalkuluje w cen\u0119, co oczywi\u015bcie podro\u017cy jego ofert\u0119. Zbyt wyg\u00f3rowane kary stanowi\u0107 mog\u0105 problem tak\u017ce dla zamawiaj\u0105cego, kt\u00f3ry musi potem dochodzi\u0107 \u0142atwych do zwalczania roszcze\u0144. Refleksji nie wymaga jednak wy\u0142\u0105cznie wprowadzanie kar umownych do umowy. Nawet \u015bwietnie opisane sankcje umowne nie zdadz\u0105 si\u0119 na nic, je\u015bli zastanowienia zabraknie na etapie ich egzekwowania. I vice versa - nawet \u015bwietna praktyka nie b\u0119dzie skuteczna, je\u015bli kary s\u0105 uj\u0119te zbyt w\u0105sko. <!--more Czytaj wi\u0119cej--><\/p>\n<p>Prze\u015bled\u017amy w\u0105tek na przyk\u0142adzie konkretnej umowy i wynikaj\u0105cego z niej procesu. <\/p>\n<blockquote><p><em>W umowie zastrze\u017cono na rzecz zamawiaj\u0105cego kary umowne na wypadek zaistnienia okre\u015blonych w umowie okoliczno\u015bci. W szczeg\u00f3lno\u015bci \u00a79 ust. 2 lit b umowy stanowi\u0142, \u017ce zamawiaj\u0105cy ma prawo \u017c\u0105da\u0107 od wykonawcy kary umownej w wysoko\u015bci 20 % wynagrodzenia brutto, okre\u015blonego w \u00a7 7 ust. 1 umowy, (czyli w wysoko\u015bci 11.280,56 z\u0142) w przypadku rozwi\u0105zania umowy na skutek okoliczno\u015bci, o kt\u00f3rych mowa w \u00a7 10 ust. 5 umowy. Z kolei \u00a7 10 ust. 5 stanowi\u0142, \u017ce: \u201eZamawiaj\u0105cy mo\u017ce rozwi\u0105za\u0107 umow\u0119 ze skutkiem natychmiastowym, w przypadku: a) gdy Wykonawca nie przyst\u0105pi\u0142 do realizacji umowy, b) gdy Wykonawca zaprzesta\u0142 realizacji umowy w trakcie jej wykonywania, c) gdy Wykonawca z\u0142o\u017cy\u0142 fa\u0142szywe o\u015bwiadczanie lub inne dokumenty po\u015bwiadczaj\u0105ce nieprawd\u0119, b\u0105d\u017a nie poda\u0142 istotnych okoliczno\u015bci maj\u0105cych wp\u0142yw na zawarcie umowy\u201d.<\/em><\/p><\/blockquote>\n<p>Pozwany jednak troszk\u0119 pokomplikowa\u0142, na poz\u00f3r klarowny, temat zaprzestania realizacji umowy<\/p>\n<p><em><\/p>\n<blockquote><p>Pozwany jest przedsi\u0119biorc\u0105 prowadz\u0105cym dzia\u0142alno\u015b\u0107 gospodarcz\u0105 polegaj\u0105c\u0105 m.in. na prowadzeniu dzia\u0142alno\u015bci pocztowej. Dzia\u0142alno\u015b\u0107 pocztowa jest dzia\u0142alno\u015bci\u0105 regulowan\u0105 i wymaga wpisu do rejestru operator\u00f3w pocztowych. W czasie realizacji \u0142\u0105cz\u0105cej strony umowy na \u015bwiadczenie us\u0142ug pocztowych, pozwany ograniczy\u0142 obszar dzia\u0142alno\u015bci pocztowej, co skutkowa\u0142o, dokonan\u0105 na jego wniosek, zmian\u0105 wpisu do rejestru operator\u00f3w pocztowych. Przed zmian\u0105 pozwany prowadzi\u0142 dzia\u0142alno\u015b\u0107 na terenie ca\u0142ego kraju i za granic\u0105, po zmianie obszar prowadzenia dzia\u0142alno\u015bci pocztowej zosta\u0142 ograniczony do obszaru kilku gmin na terenie kraju, m.in. gminy B., T., Z.. Pozwany podj\u0105\u0142 pr\u00f3by zawarcia z operatorem pocztowym Poczt\u0105 Polsk\u0105 S.A. umowy o wsp\u00f3\u0142prac\u0119, o kt\u00f3rej mowa w art. 35 ustawy Prawo pocztowe pozwalaj\u0105cej utrzyma\u0107 ci\u0105g\u0142o\u015b\u0107 \u015bwiadczenia us\u0142ug pocztowych na obszarze nieobj\u0119tym wpisem do rejestru operator\u00f3w pocztowych. Poczta Polska S.A. odm\u00f3wi\u0142a zawarcia z pozwanym umowy o wsp\u00f3\u0142prac\u0119.<\/p>\n<p>W pi\u015bmie z dnia 12 lipca 2016 r. pozwany poinformowa\u0142 powoda, \u017ce zachodzi du\u017ce ryzyko braku mo\u017cliwo\u015bci \u015bwiadczenia us\u0142ugi pocz\u0105wszy od 1 sierpnia 2016 r., wskutek dzia\u0142a\u0144 Poczty Polskiej S.A., polegaj\u0105cych na niezgodnym z prawem zani\u017caniu us\u0142ug pocztowych, w wyniku czego \u015bwiadczenie us\u0142ug pocztowych okaza\u0142o si\u0119 nierentowne. Pozwany zapowiada\u0142, \u017ce mo\u017ce by\u0107 zmuszony do zako\u0144czenia \u015bwiadczenia us\u0142ugi na podstawie powszechnie obowi\u0105zuj\u0105cych przepis\u00f3w prawa z ko\u0144cem lipca. Proponowa\u0142 w tej sprawie spotkanie. W odpowiedzi na pismo pow\u00f3d w pi\u015bmie z dnia 15 lipca 2016 r. zaprasza\u0142 pozwanego na spotkanie, na kt\u00f3re pozwany si\u0119 nie stawi\u0142. W pi\u015bmie z dnia 19 lipca 2016 r. pow\u00f3d zwraca\u0142 si\u0119 do pozwanego o sprecyzowanie czy wykonawca b\u0119dzie dalej \u015bwiadczy\u0142 us\u0142ugi pocztowe.<\/p>\n<p>Pozwany pismem z dnia 25 lipca 2016 r., kt\u00f3re wp\u0142yn\u0119\u0142o do Urz\u0119du Miejskiego w S. w dniu 26 lipca 2016 r., z\u0142o\u017cy\u0142 o\u015bwiadczenie o odst\u0105pieniu od umowy z dniem 1 sierpnia 2016 r. Jako podstaw\u0119 odst\u0105pienia wskaza\u0142 art. 16 ust. 1 pkt 4 ustawy z dnia 23 listopada 2012 r. Prawo pocztowe, wyja\u015bniaj\u0105c m.in., \u017ce obszar wykonywania dzia\u0142alno\u015bci pocztowej ujawniony w rejestrze operator\u00f3w pocztowych, jest inny w stosunku do obszaru okre\u015blonego w umowie o \u015bwiadczenie us\u0142ug pocztowych.<\/p><\/blockquote>\n<p><\/em><\/p>\n<p>Pow\u00f3d musia\u0142 jako\u015b na t\u0119 sytuacj\u0119 zareagowa\u0107.<\/p>\n<p><em><\/p>\n<blockquote><p>W zwi\u0105zku ze z\u0142o\u017conym przez pozwanego o\u015bwiadczeniem o odst\u0105pieniu od umowy, pow\u00f3d naliczy\u0142 kar\u0119 umown\u0105 w wysoko\u015bci 11.280,56 z\u0142, uj\u0119t\u0105 w nocie ksi\u0119gowej z dnia 2 sierpnia 2016 r. nr (...) i wezwa\u0142 pozwanego do zap\u0142aty wskazanej kwoty w terminie 7 dni. Z tytu\u0142u realizacji przez pozwanego us\u0142ug pocztowych w miesi\u0105cu lipcu 2016 r., przys\u0142ugiwa\u0142o mu od powoda wynagrodzenie w kwocie 3.935,85 z\u0142, obj\u0119te faktur\u0105 z dnia 1 sierpnia 2016 r. nr (...). Gmina S.w pi\u015bmie z dnia 17 sierpnia 2016 r. z\u0142o\u017cy\u0142a o\u015bwiadczenie o potr\u0105ceniu wierzytelno\u015bci z tytu\u0142u kary umownej z w\/w wierzytelno\u015bci\u0105, jak\u0105 pozwany mia\u0142 wzgl\u0119dem powoda. Pow\u00f3d wzywa\u0142 kilkakrotnie pozwanego do dobrowolnej zap\u0142aty pozosta\u0142ej nale\u017cno\u015bci w wysoko\u015bci 7.344,71 z\u0142, w tym pismem z dnia 16 wrze\u015bnia 2016 r., listem adwokackim z dnia 20 grudnia 2016 r. W odpowiedziach pozwany wskazywa\u0142, \u017ce jego dzia\u0142ania by\u0142y zgodne z prawem, zasadne, konieczne i niezawinione i nie uzna\u0142 zasadno\u015bci roszcze\u0144 powoda, powo\u0142uj\u0105c si\u0119 przy tym na prywatn\u0105 opinie prawn\u0105 dotycz\u0105c\u0105 skuteczno\u015bci odst\u0105pienia od umowy. Pow\u00f3d z kolei w pi\u015bmie z dnia 23 stycznia 2017 r. podtrzymywa\u0142 swoje stanowisko o zasadno\u015bci naliczenia kary umownej, wskazuj\u0105c, \u017ce dosz\u0142o do zaprzestania realizacji umowy, a przyczyny zaprzestanie \u015bwiadczenia us\u0142ug le\u017ca\u0142y po stronie pozwanego, co powoduje, \u017ce pow\u00f3d ma prawo \u017c\u0105da\u0107 kary umownej, na podstawie wi\u0105\u017c\u0105cej strony umowy.<\/p><\/blockquote>\n<p><\/em><\/p>\n<p>I w tym momencie wida\u0107 ju\u017c kluczowe ryzyko ca\u0142ego procesu o zap\u0142at\u0119 kar umownych. Brak dostrze\u017cenia - a raczej: pr\u00f3b\u0119 przymkni\u0119cia oka - przez Powoda na fakt, \u017ce istnieje r\u00f3\u017cnica pomi\u0119dzy rozwi\u0105zaniem umowy, a odst\u0105pieniem od niej. Mo\u017cna zak\u0142ada\u0107, \u017ce argumentacja skierowana zosta\u0142a na wykazanie bezskuteczno\u015bci o\u015bwiadczenia w przedmiocie odst\u0105pienia. Skutki odst\u0105pienia od kontraktu s\u0105 bowiem do\u015b\u0107 powa\u017cne. Przyjmuje si\u0119 wszak w\u00f3wczas, \u017ce umowy nie zawarto. Odpadaj\u0105 \u015bwiadczenia g\u0142\u00f3wne, a wraz z nimi \u015bwiadczenia akcesoryjne. Orzecznictwo potwierdzi\u0142o - po r\u00f3\u017cnych zawirowaniach - \u017ce ewentualna kara za odst\u0105pienie od umowy pozostaje jednak w takim wypadku w mocy. Przyjmuje si\u0119 r\u00f3wnie\u017c zazwyczaj, \u017ce w pewnym zakresie skutki odst\u0105pienia mog\u0105 by\u0107 uregulowane odmiennie przez strony w samej umowie - oczywi\u015bcie bez naruszenia istoty ca\u0142ej instytucji prawnej (np. kwestia poufno\u015bci). <\/p>\n<p>Ale omawiana umowa nie zawiera\u0142a literalnie klauzuli z kar\u0105 umown\u0105 na wypadek odst\u0105pienia. I taka by\u0142a w\u0142a\u015bnie finalna konkluzja s\u0105du. To nic, \u017ce przyczyny odst\u0105pienia od umowy le\u017ca\u0142y po stronie wykonawcy. By\u0107 mo\u017ce nawet sam je wykreowa\u0142, \u017ceby wyj\u015b\u0107 z niekorzystnej umowy. To nie by\u0142o przedmiotem rozwa\u017ca\u0144 (zarzutu). Pozwany ubieg\u0142 powoda i odst\u0105pi\u0142 od umowy, zanim ten zd\u0105\u017cy\u0142 umow\u0119 rozwi\u0105za\u0107 w trybie natychmiastowym (a zaprzestanie wykonywania umowy przez pozwanego by\u0142o przes\u0142ank\u0105 dla takiego aktu). Takie - niekorzystne dla powoda - wnioski potwierdzi\u0142 zreszt\u0105 na skutek apelacji tak\u017ce s\u0105d II instancji - S\u0105d Okr\u0119gowy w Rzeszowie:<\/p>\n<p><em><\/p>\n<blockquote><p>W konkretnym przypadku, to pozwany z\u0142o\u017cy\u0142 o\u015bwiadczenie o odst\u0105pieniu od umowy na podstawie art. 16 u. 1 pkt 4 ustawy z dnia 23 listopada 2012r. prawo pocztowe. Zgodnie z brzmieniem artrt. 16. 1. pkt4 Prawa pocztowego \/ ustawa z dnia 23 listopada 2012r. Dz.U.2017.1481 j.t.\/ - Operator pocztowy odmawia zawarcia umowy o \u015bwiadczenie us\u0142ugi pocztowej albo mo\u017ce odst\u0105pi\u0107 od umowy, je\u017celi: us\u0142uga pocztowa mia\u0142aby by\u0107 wykonywana w ca\u0142o\u015bci lub w cz\u0119\u015bci na obszarze nieobj\u0119tym wpisem do rejestru, chyba \u017ce operator pocztowy zawar\u0142 umow\u0119 o wsp\u00f3\u0142prac\u0119 umo\u017cliwiaj\u0105c\u0105 wykonanie us\u0142ugi poza tym obszarem;. Interpretuj\u0105c tre\u015b\u0107 umowy \u0142\u0105cz\u0105cej strony za prawid\u0142owe nale\u017ca\u0142o uzna\u0107 i podzieli\u0107 zwa\u017cania S\u0105du I instancji, \u017ce nie zosta\u0142y ziszczone przes\u0142anki wynikaj\u0105ce z \u00a7 10 u. 5 umowy, skoro to pow\u00f3d m\u00f3g\u0142 rozwi\u0105za\u0107 umow\u0119, a w niniejszej sprawie umow\u0119 wypowiedzia\u0142 pozwany sk\u0142adaj\u0105c stosowne o\u015bwiadczenie w dniu 25 lipca 2016r ze skutkiem na dzie\u0144 1 sierpnia 2017 r. Wobec takiej konstrukcji postanowie\u0144 umowy apeluj\u0105ca b\u0142\u0119dnie zarzuca S\u0105dowi I instancji naruszenie art. 483 \u00a7 1 kc oraz art. 484 \u00a7 1 kc, skoro brak by\u0142o przes\u0142anek do naliczenia kary umownej.<\/p><\/blockquote>\n<p><\/em><\/p>\n<p>I co z takim fantem zrobi\u0107 ? Zapewne najpierw warto by zmodyfikowa\u0107 wzory um\u00f3w w stosowanym SIWZ. Tak na przysz\u0142o\u015b\u0107. A potem rozwa\u017cy\u0107 naprawienie szkody na zasadach og\u00f3lnych. Ale to ju\u017c zupe\u0142nie inna historia oraz zdecydowanie bardziej z\u0142o\u017cona i k\u0142opotliwa dla powoda \u015bcie\u017cka. A dla innych przestroga, \u017ce umowy trzeba pisa\u0107 w taki spos\u00f3b, aby uwzgl\u0119dnia\u0107 nie tylko przypadek niekompetencji i braku aktywno\u015bci kontrahenta, ale r\u00f3wnie\u017c w\u0142a\u015bnie jego przezorno\u015b\u0107 i aktywno\u015b\u0107. <\/p>\n","protected":false},"excerpt":{"rendered":"<p>Zastrzeganie kar umownych jest bardzo rozpowszechnione w obrocie gospodarczym. Wi\u0119kszo\u015b\u0107 um\u00f3w zawiera tego typu regulacje. Nie zawsze jednak kary s\u0105 stosowane w spos\u00f3b racjonalny. S\u0105 naturalnie kontrakty podwy\u017cszonego ryzyka dla zamawiaj\u0105cego, ale w typowych i powtarzalnych umowach przewidywanie sankcji za ka\u017cde najdrobniejsze uchybienie mo\u017ce odbi\u0107 si\u0119 czkawk\u0105 obu stronom. Taka \"przezorno\u015b\u0107\" sprawia te\u017c, \u017ce strony <a href=\"http:\/\/www.lubelskiekancelarie.pl\/prawo-w-praktyce\/prawnik-lublin\/filozofia-kar-umownych\/\" class=\"more-link\">Czytaj dalej...<span class=\"screen-reader-text\"> \"Filozofia kar umownych\"<\/span><\/a><\/p>\n","protected":false},"author":1,"featured_media":0,"comment_status":"open","ping_status":"closed","sticky":false,"template":"","format":"standard","meta":[],"categories":[4,5],"tags":[20,94,32,37,183,79,46,90],"aioseo_notices":[],"aioseo_head":"\n\t\t<!-- All in One SEO 5.0.1.1 - aioseo.com -->\n\t<meta name=\"description\" content=\"Kara umowna za odst\u0105pienie od umowy oraz z tytu\u0142u jej rozwi\u0105zania - dwie r\u00f3\u017cne podstawy roszcze\u0144, kt\u00f3re mog\u0105 wprowadza\u0107 zamieszanie w praktyce zamawiaj\u0105cego.\" \/>\n\t<meta name=\"robots\" content=\"max-image-preview:large\" \/>\n\t<meta name=\"author\" content=\"A. Kunicki\"\/>\n\t<link rel=\"canonical\" href=\"http:\/\/www.lubelskiekancelarie.pl\/prawo-w-praktyce\/prawnik-lublin\/filozofia-kar-umownych\/\" \/>\n\t<meta name=\"generator\" content=\"All in One SEO (AIOSEO) 5.0.1.1\" \/>\n\t\t<meta property=\"og:locale\" content=\"pl_PL\" \/>\n\t\t<meta property=\"og:site_name\" content=\"PRAWO W PRAKTYCE | Analizy, opinie, nowelizacje, orzecznictwo - blog prawniczy prowadzi radca prawny z Lublina\" \/>\n\t\t<meta property=\"og:type\" content=\"article\" \/>\n\t\t<meta property=\"og:title\" content=\"Filozofia kar umownych\" \/>\n\t\t<meta property=\"og:description\" content=\"Kara umowna za odst\u0105pienie od umowy oraz z tytu\u0142u jej rozwi\u0105zania - dwie r\u00f3\u017cne podstawy roszcze\u0144, kt\u00f3re mog\u0105 wprowadza\u0107 zamieszanie w praktyce zamawiaj\u0105cego.\" \/>\n\t\t<meta property=\"og:url\" content=\"http:\/\/www.lubelskiekancelarie.pl\/prawo-w-praktyce\/prawnik-lublin\/filozofia-kar-umownych\/\" \/>\n\t\t<meta property=\"article:published_time\" content=\"2018-05-06T10:03:52+00:00\" \/>\n\t\t<meta property=\"article:modified_time\" content=\"2018-05-06T16:54:22+00:00\" \/>\n\t\t<meta name=\"twitter:card\" content=\"summary\" \/>\n\t\t<meta name=\"twitter:title\" content=\"Filozofia kar umownych\" \/>\n\t\t<meta name=\"twitter:description\" content=\"Kara umowna za odst\u0105pienie od umowy oraz z tytu\u0142u jej rozwi\u0105zania - dwie r\u00f3\u017cne podstawy roszcze\u0144, kt\u00f3re mog\u0105 wprowadza\u0107 zamieszanie w praktyce zamawiaj\u0105cego.\" \/>\n\t\t<script type=\"application\/ld+json\" class=\"aioseo-schema\">\n\t\t\t{\"@context\":\"https:\\\/\\\/schema.org\",\"@graph\":[{\"@type\":\"Article\",\"@id\":\"http:\\\/\\\/www.lubelskiekancelarie.pl\\\/prawo-w-praktyce\\\/prawnik-lublin\\\/filozofia-kar-umownych\\\/#article\",\"name\":\"Filozofia kar umownych\",\"headline\":\"Filozofia kar umownych\",\"author\":{\"@id\":\"http:\\\/\\\/www.lubelskiekancelarie.pl\\\/prawo-w-praktyce\\\/prawnik-lublin\\\/author\\\/admin\\\/#author\"},\"publisher\":{\"@id\":\"http:\\\/\\\/www.lubelskiekancelarie.pl\\\/prawo-w-praktyce\\\/#organization\"},\"datePublished\":\"2018-05-06T12:03:52+02:00\",\"dateModified\":\"2018-05-06T18:54:22+02:00\",\"inLanguage\":\"pl-PL\",\"mainEntityOfPage\":{\"@id\":\"http:\\\/\\\/www.lubelskiekancelarie.pl\\\/prawo-w-praktyce\\\/prawnik-lublin\\\/filozofia-kar-umownych\\\/#webpage\"},\"isPartOf\":{\"@id\":\"http:\\\/\\\/www.lubelskiekancelarie.pl\\\/prawo-w-praktyce\\\/prawnik-lublin\\\/filozofia-kar-umownych\\\/#webpage\"},\"articleSection\":\"Opracowania i opinie, Orzecznictwo, kary umowne, odst\\u0105pienie, odszkodowanie, proces, rozwi\\u0105zanie, s\\u0105d, umowa, zamawiaj\\u0105cy\"},{\"@type\":\"BreadcrumbList\",\"@id\":\"http:\\\/\\\/www.lubelskiekancelarie.pl\\\/prawo-w-praktyce\\\/prawnik-lublin\\\/filozofia-kar-umownych\\\/#breadcrumblist\",\"itemListElement\":[{\"@type\":\"ListItem\",\"@id\":\"http:\\\/\\\/www.lubelskiekancelarie.pl\\\/prawo-w-praktyce#listItem\",\"position\":1,\"name\":\"Home\",\"item\":\"http:\\\/\\\/www.lubelskiekancelarie.pl\\\/prawo-w-praktyce\",\"nextItem\":{\"@type\":\"ListItem\",\"@id\":\"http:\\\/\\\/www.lubelskiekancelarie.pl\\\/prawo-w-praktyce\\\/problem-prawny\\\/opracowania-i-opinie\\\/#listItem\",\"name\":\"Opracowania i opinie\"}},{\"@type\":\"ListItem\",\"@id\":\"http:\\\/\\\/www.lubelskiekancelarie.pl\\\/prawo-w-praktyce\\\/problem-prawny\\\/opracowania-i-opinie\\\/#listItem\",\"position\":2,\"name\":\"Opracowania i opinie\",\"item\":\"http:\\\/\\\/www.lubelskiekancelarie.pl\\\/prawo-w-praktyce\\\/problem-prawny\\\/opracowania-i-opinie\\\/\",\"nextItem\":{\"@type\":\"ListItem\",\"@id\":\"http:\\\/\\\/www.lubelskiekancelarie.pl\\\/prawo-w-praktyce\\\/prawnik-lublin\\\/filozofia-kar-umownych\\\/#listItem\",\"name\":\"Filozofia kar umownych\"},\"previousItem\":{\"@type\":\"ListItem\",\"@id\":\"http:\\\/\\\/www.lubelskiekancelarie.pl\\\/prawo-w-praktyce#listItem\",\"name\":\"Home\"}},{\"@type\":\"ListItem\",\"@id\":\"http:\\\/\\\/www.lubelskiekancelarie.pl\\\/prawo-w-praktyce\\\/prawnik-lublin\\\/filozofia-kar-umownych\\\/#listItem\",\"position\":3,\"name\":\"Filozofia kar umownych\",\"previousItem\":{\"@type\":\"ListItem\",\"@id\":\"http:\\\/\\\/www.lubelskiekancelarie.pl\\\/prawo-w-praktyce\\\/problem-prawny\\\/opracowania-i-opinie\\\/#listItem\",\"name\":\"Opracowania i opinie\"}}]},{\"@type\":\"Organization\",\"@id\":\"http:\\\/\\\/www.lubelskiekancelarie.pl\\\/prawo-w-praktyce\\\/#organization\",\"name\":\"PRAWO W PRAKTYCE\",\"description\":\"Analizy, opinie, nowelizacje, orzecznictwo - blog prawniczy prowadzi radca prawny z Lublina\",\"url\":\"http:\\\/\\\/www.lubelskiekancelarie.pl\\\/prawo-w-praktyce\\\/\"},{\"@type\":\"Person\",\"@id\":\"http:\\\/\\\/www.lubelskiekancelarie.pl\\\/prawo-w-praktyce\\\/prawnik-lublin\\\/author\\\/admin\\\/#author\",\"url\":\"http:\\\/\\\/www.lubelskiekancelarie.pl\\\/prawo-w-praktyce\\\/prawnik-lublin\\\/author\\\/admin\\\/\",\"name\":\"A. Kunicki\",\"image\":{\"@type\":\"ImageObject\",\"@id\":\"http:\\\/\\\/www.lubelskiekancelarie.pl\\\/prawo-w-praktyce\\\/prawnik-lublin\\\/filozofia-kar-umownych\\\/#authorImage\",\"url\":\"http:\\\/\\\/1.gravatar.com\\\/avatar\\\/1facab6e161461588d8c2c159d04b3d6?s=96&d=mm&r=g\",\"width\":96,\"height\":96,\"caption\":\"A. Kunicki\"}},{\"@type\":\"WebPage\",\"@id\":\"http:\\\/\\\/www.lubelskiekancelarie.pl\\\/prawo-w-praktyce\\\/prawnik-lublin\\\/filozofia-kar-umownych\\\/#webpage\",\"url\":\"http:\\\/\\\/www.lubelskiekancelarie.pl\\\/prawo-w-praktyce\\\/prawnik-lublin\\\/filozofia-kar-umownych\\\/\",\"name\":\"Filozofia kar umownych\",\"description\":\"Kara umowna za odst\\u0105pienie od umowy oraz z tytu\\u0142u jej rozwi\\u0105zania - dwie r\\u00f3\\u017cne podstawy roszcze\\u0144, kt\\u00f3re mog\\u0105 wprowadza\\u0107 zamieszanie w praktyce zamawiaj\\u0105cego.\",\"inLanguage\":\"pl-PL\",\"isPartOf\":{\"@id\":\"http:\\\/\\\/www.lubelskiekancelarie.pl\\\/prawo-w-praktyce\\\/#website\"},\"breadcrumb\":{\"@id\":\"http:\\\/\\\/www.lubelskiekancelarie.pl\\\/prawo-w-praktyce\\\/prawnik-lublin\\\/filozofia-kar-umownych\\\/#breadcrumblist\"},\"author\":{\"@id\":\"http:\\\/\\\/www.lubelskiekancelarie.pl\\\/prawo-w-praktyce\\\/prawnik-lublin\\\/author\\\/admin\\\/#author\"},\"creator\":{\"@id\":\"http:\\\/\\\/www.lubelskiekancelarie.pl\\\/prawo-w-praktyce\\\/prawnik-lublin\\\/author\\\/admin\\\/#author\"},\"datePublished\":\"2018-05-06T12:03:52+02:00\",\"dateModified\":\"2018-05-06T18:54:22+02:00\"},{\"@type\":\"WebSite\",\"@id\":\"http:\\\/\\\/www.lubelskiekancelarie.pl\\\/prawo-w-praktyce\\\/#website\",\"url\":\"http:\\\/\\\/www.lubelskiekancelarie.pl\\\/prawo-w-praktyce\\\/\",\"name\":\"PRAWO W PRAKTYCE\",\"description\":\"Analizy, opinie, nowelizacje, orzecznictwo - blog prawniczy prowadzi radca prawny z Lublina\",\"inLanguage\":\"pl-PL\",\"publisher\":{\"@id\":\"http:\\\/\\\/www.lubelskiekancelarie.pl\\\/prawo-w-praktyce\\\/#organization\"}}]}\n\t\t<\/script>\n\t\t<!-- All in One SEO -->\n\n","aioseo_head_json":{"title":"Filozofia kar umownych","description":"Kara umowna za odst\u0105pienie od umowy oraz z tytu\u0142u jej rozwi\u0105zania - dwie r\u00f3\u017cne podstawy roszcze\u0144, kt\u00f3re mog\u0105 wprowadza\u0107 zamieszanie w praktyce zamawiaj\u0105cego.","canonical_url":"http:\/\/www.lubelskiekancelarie.pl\/prawo-w-praktyce\/prawnik-lublin\/filozofia-kar-umownych\/","robots":"max-image-preview:large","keywords":"","webmasterTools":{"miscellaneous":""},"schema":{"@context":"https:\/\/schema.org","@graph":[{"@type":"Article","@id":"http:\/\/www.lubelskiekancelarie.pl\/prawo-w-praktyce\/prawnik-lublin\/filozofia-kar-umownych\/#article","name":"Filozofia kar umownych","headline":"Filozofia kar umownych","author":{"@id":"http:\/\/www.lubelskiekancelarie.pl\/prawo-w-praktyce\/prawnik-lublin\/author\/admin\/#author"},"publisher":{"@id":"http:\/\/www.lubelskiekancelarie.pl\/prawo-w-praktyce\/#organization"},"datePublished":"2018-05-06T12:03:52+02:00","dateModified":"2018-05-06T18:54:22+02:00","inLanguage":"pl-PL","mainEntityOfPage":{"@id":"http:\/\/www.lubelskiekancelarie.pl\/prawo-w-praktyce\/prawnik-lublin\/filozofia-kar-umownych\/#webpage"},"isPartOf":{"@id":"http:\/\/www.lubelskiekancelarie.pl\/prawo-w-praktyce\/prawnik-lublin\/filozofia-kar-umownych\/#webpage"},"articleSection":"Opracowania i opinie, Orzecznictwo, kary umowne, odst\u0105pienie, odszkodowanie, proces, rozwi\u0105zanie, s\u0105d, umowa, zamawiaj\u0105cy"},{"@type":"BreadcrumbList","@id":"http:\/\/www.lubelskiekancelarie.pl\/prawo-w-praktyce\/prawnik-lublin\/filozofia-kar-umownych\/#breadcrumblist","itemListElement":[{"@type":"ListItem","@id":"http:\/\/www.lubelskiekancelarie.pl\/prawo-w-praktyce#listItem","position":1,"name":"Home","item":"http:\/\/www.lubelskiekancelarie.pl\/prawo-w-praktyce","nextItem":{"@type":"ListItem","@id":"http:\/\/www.lubelskiekancelarie.pl\/prawo-w-praktyce\/problem-prawny\/opracowania-i-opinie\/#listItem","name":"Opracowania i opinie"}},{"@type":"ListItem","@id":"http:\/\/www.lubelskiekancelarie.pl\/prawo-w-praktyce\/problem-prawny\/opracowania-i-opinie\/#listItem","position":2,"name":"Opracowania i opinie","item":"http:\/\/www.lubelskiekancelarie.pl\/prawo-w-praktyce\/problem-prawny\/opracowania-i-opinie\/","nextItem":{"@type":"ListItem","@id":"http:\/\/www.lubelskiekancelarie.pl\/prawo-w-praktyce\/prawnik-lublin\/filozofia-kar-umownych\/#listItem","name":"Filozofia kar umownych"},"previousItem":{"@type":"ListItem","@id":"http:\/\/www.lubelskiekancelarie.pl\/prawo-w-praktyce#listItem","name":"Home"}},{"@type":"ListItem","@id":"http:\/\/www.lubelskiekancelarie.pl\/prawo-w-praktyce\/prawnik-lublin\/filozofia-kar-umownych\/#listItem","position":3,"name":"Filozofia kar umownych","previousItem":{"@type":"ListItem","@id":"http:\/\/www.lubelskiekancelarie.pl\/prawo-w-praktyce\/problem-prawny\/opracowania-i-opinie\/#listItem","name":"Opracowania i opinie"}}]},{"@type":"Organization","@id":"http:\/\/www.lubelskiekancelarie.pl\/prawo-w-praktyce\/#organization","name":"PRAWO W PRAKTYCE","description":"Analizy, opinie, nowelizacje, orzecznictwo - blog prawniczy prowadzi radca prawny z Lublina","url":"http:\/\/www.lubelskiekancelarie.pl\/prawo-w-praktyce\/"},{"@type":"Person","@id":"http:\/\/www.lubelskiekancelarie.pl\/prawo-w-praktyce\/prawnik-lublin\/author\/admin\/#author","url":"http:\/\/www.lubelskiekancelarie.pl\/prawo-w-praktyce\/prawnik-lublin\/author\/admin\/","name":"A. Kunicki","image":{"@type":"ImageObject","@id":"http:\/\/www.lubelskiekancelarie.pl\/prawo-w-praktyce\/prawnik-lublin\/filozofia-kar-umownych\/#authorImage","url":"http:\/\/1.gravatar.com\/avatar\/1facab6e161461588d8c2c159d04b3d6?s=96&d=mm&r=g","width":96,"height":96,"caption":"A. Kunicki"}},{"@type":"WebPage","@id":"http:\/\/www.lubelskiekancelarie.pl\/prawo-w-praktyce\/prawnik-lublin\/filozofia-kar-umownych\/#webpage","url":"http:\/\/www.lubelskiekancelarie.pl\/prawo-w-praktyce\/prawnik-lublin\/filozofia-kar-umownych\/","name":"Filozofia kar umownych","description":"Kara umowna za odst\u0105pienie od umowy oraz z tytu\u0142u jej rozwi\u0105zania - dwie r\u00f3\u017cne podstawy roszcze\u0144, kt\u00f3re mog\u0105 wprowadza\u0107 zamieszanie w praktyce zamawiaj\u0105cego.","inLanguage":"pl-PL","isPartOf":{"@id":"http:\/\/www.lubelskiekancelarie.pl\/prawo-w-praktyce\/#website"},"breadcrumb":{"@id":"http:\/\/www.lubelskiekancelarie.pl\/prawo-w-praktyce\/prawnik-lublin\/filozofia-kar-umownych\/#breadcrumblist"},"author":{"@id":"http:\/\/www.lubelskiekancelarie.pl\/prawo-w-praktyce\/prawnik-lublin\/author\/admin\/#author"},"creator":{"@id":"http:\/\/www.lubelskiekancelarie.pl\/prawo-w-praktyce\/prawnik-lublin\/author\/admin\/#author"},"datePublished":"2018-05-06T12:03:52+02:00","dateModified":"2018-05-06T18:54:22+02:00"},{"@type":"WebSite","@id":"http:\/\/www.lubelskiekancelarie.pl\/prawo-w-praktyce\/#website","url":"http:\/\/www.lubelskiekancelarie.pl\/prawo-w-praktyce\/","name":"PRAWO W PRAKTYCE","description":"Analizy, opinie, nowelizacje, orzecznictwo - blog prawniczy prowadzi radca prawny z Lublina","inLanguage":"pl-PL","publisher":{"@id":"http:\/\/www.lubelskiekancelarie.pl\/prawo-w-praktyce\/#organization"}}]},"og:locale":"pl_PL","og:site_name":"PRAWO W PRAKTYCE | Analizy, opinie, nowelizacje, orzecznictwo - blog prawniczy prowadzi radca prawny z Lublina","og:type":"article","og:title":"Filozofia kar umownych","og:description":"Kara umowna za odst\u0105pienie od umowy oraz z tytu\u0142u jej rozwi\u0105zania - dwie r\u00f3\u017cne podstawy roszcze\u0144, kt\u00f3re mog\u0105 wprowadza\u0107 zamieszanie w praktyce zamawiaj\u0105cego.","og:url":"http:\/\/www.lubelskiekancelarie.pl\/prawo-w-praktyce\/prawnik-lublin\/filozofia-kar-umownych\/","article:published_time":"2018-05-06T10:03:52+00:00","article:modified_time":"2018-05-06T16:54:22+00:00","twitter:card":"summary","twitter:title":"Filozofia kar umownych","twitter:description":"Kara umowna za odst\u0105pienie od umowy oraz z tytu\u0142u jej rozwi\u0105zania - dwie r\u00f3\u017cne podstawy roszcze\u0144, kt\u00f3re mog\u0105 wprowadza\u0107 zamieszanie w praktyce zamawiaj\u0105cego."},"aioseo_meta_data":{"post_id":"1608","title":"","description":"Kara umowna za odst\u0105pienie od umowy oraz z tytu\u0142u jej rozwi\u0105zania - dwie r\u00f3\u017cne podstawy roszcze\u0144, kt\u00f3re mog\u0105 wprowadza\u0107 zamieszanie w praktyce zamawiaj\u0105cego.","keywords":[{"label":"V Ca 943\/17","value":"V Ca 943\/17"},{"label":"kara","value":"kara"},{"label":"umowna","value":"umowna"},{"label":"odst\u0105pienie","value":"odst\u0105pienie"},{"label":"rozwi\u0105zanie","value":"rozwi\u0105zanie"},{"label":"umowa","value":"umowa"},{"label":"zamawiaj\u0105cy","value":"zamawiaj\u0105cy"},{"label":"wykonawca","value":"wykonawca"},{"label":"pe\u0142nomocnik","value":"pe\u0142nomocnik"},{"label":"zast\u0119pstwo","value":"zast\u0119pstwo"},{"label":"adwokat","value":"adwokat"},{"label":"radca","value":"radca"},{"label":"opinia","value":"opinia"},{"label":"us\u0142uga","value":"us\u0142uga"},{"label":"prawnik","value":"prawnik"},{"label":"kancelaria","value":"kancelaria"},{"label":"lublin","value":"lublin"},{"label":"pozew","value":"pozew"},{"label":"proces","value":"proces"},{"label":"dobry","value":"dobry"},{"label":"prawo","value":"prawo"},{"label":"s\u0105d","value":"s\u0105d"},{"label":"us\u0142uga","value":"us\u0142uga"},{"label":"tanio. solidnie","value":"tanio. solidnie"},{"label":"szybko","value":"szybko"}],"keyphrases":null,"primary_term":null,"canonical_url":null,"og_title":null,"og_description":null,"og_object_type":"default","og_image_type":"default","og_image_url":null,"og_image_width":null,"og_image_height":null,"og_image_custom_url":null,"og_image_custom_fields":null,"og_video":null,"og_custom_url":null,"og_article_section":null,"og_article_tags":null,"twitter_use_og":false,"twitter_card":"default","twitter_image_type":"default","twitter_image_url":null,"twitter_image_custom_url":null,"twitter_image_custom_fields":null,"twitter_title":null,"twitter_description":null,"schema":{"blockGraphs":[],"customGraphs":[],"default":{"data":{"Article":[],"Course":[],"Dataset":[],"FAQPage":[],"Movie":[],"Person":[],"Product":[],"ProductReview":[],"Car":[],"Recipe":[],"Service":[],"SoftwareApplication":[],"WebPage":[]},"graphName":"","isEnabled":true},"graphs":[],"defaultGraph":"","defaultPostTypeGraph":""},"schema_type":"default","schema_type_options":null,"pillar_content":false,"robots_default":true,"robots_noindex":false,"robots_noarchive":false,"robots_nosnippet":false,"robots_nofollow":false,"robots_noimageindex":false,"robots_noodp":false,"robots_notranslate":false,"robots_max_snippet":null,"robots_max_videopreview":null,"robots_max_imagepreview":"large","priority":null,"frequency":null,"local_seo":null,"breadcrumb_settings":null,"limit_modified_date":false,"ai":null,"created":"2022-04-24 12:12:43","updated":"2025-06-03 21:57:30","seo_analyzer_scan_date":null,"focus_keyword":null,"additional_keywords":null,"truseo_locale":null},"aioseo_breadcrumb":"<div class=\"aioseo-breadcrumbs\"><span class=\"aioseo-breadcrumb\">\n\t\t\t<a href=\"http:\/\/www.lubelskiekancelarie.pl\/prawo-w-praktyce\" title=\"Home\">Home<\/a>\n\t\t<\/span><span class=\"aioseo-breadcrumb-separator\">&raquo;<\/span><span class=\"aioseo-breadcrumb\">\n\t\t\t<a href=\"http:\/\/www.lubelskiekancelarie.pl\/prawo-w-praktyce\/problem-prawny\/opracowania-i-opinie\/\" title=\"Opracowania i opinie\">Opracowania i opinie<\/a>\n\t\t<\/span><span class=\"aioseo-breadcrumb-separator\">&raquo;<\/span><span class=\"aioseo-breadcrumb\">\n\t\t\tFilozofia kar umownych\n\t\t<\/span><\/div>","aioseo_breadcrumb_json":[{"label":"Home","link":"http:\/\/www.lubelskiekancelarie.pl\/prawo-w-praktyce"},{"label":"Opracowania i opinie","link":"http:\/\/www.lubelskiekancelarie.pl\/prawo-w-praktyce\/problem-prawny\/opracowania-i-opinie\/"},{"label":"Filozofia kar umownych","link":"http:\/\/www.lubelskiekancelarie.pl\/prawo-w-praktyce\/prawnik-lublin\/filozofia-kar-umownych\/"}],"_links":{"self":[{"href":"http:\/\/www.lubelskiekancelarie.pl\/prawo-w-praktyce\/wp-json\/wp\/v2\/posts\/1608"}],"collection":[{"href":"http:\/\/www.lubelskiekancelarie.pl\/prawo-w-praktyce\/wp-json\/wp\/v2\/posts"}],"about":[{"href":"http:\/\/www.lubelskiekancelarie.pl\/prawo-w-praktyce\/wp-json\/wp\/v2\/types\/post"}],"author":[{"embeddable":true,"href":"http:\/\/www.lubelskiekancelarie.pl\/prawo-w-praktyce\/wp-json\/wp\/v2\/users\/1"}],"replies":[{"embeddable":true,"href":"http:\/\/www.lubelskiekancelarie.pl\/prawo-w-praktyce\/wp-json\/wp\/v2\/comments?post=1608"}],"version-history":[{"count":14,"href":"http:\/\/www.lubelskiekancelarie.pl\/prawo-w-praktyce\/wp-json\/wp\/v2\/posts\/1608\/revisions"}],"predecessor-version":[{"id":1637,"href":"http:\/\/www.lubelskiekancelarie.pl\/prawo-w-praktyce\/wp-json\/wp\/v2\/posts\/1608\/revisions\/1637"}],"wp:attachment":[{"href":"http:\/\/www.lubelskiekancelarie.pl\/prawo-w-praktyce\/wp-json\/wp\/v2\/media?parent=1608"}],"wp:term":[{"taxonomy":"category","embeddable":true,"href":"http:\/\/www.lubelskiekancelarie.pl\/prawo-w-praktyce\/wp-json\/wp\/v2\/categories?post=1608"},{"taxonomy":"post_tag","embeddable":true,"href":"http:\/\/www.lubelskiekancelarie.pl\/prawo-w-praktyce\/wp-json\/wp\/v2\/tags?post=1608"}],"curies":[{"name":"wp","href":"https:\/\/api.w.org\/{rel}","templated":true}]}}